{"id":1235,"date":"2014-06-22T21:16:21","date_gmt":"2014-06-23T02:16:21","guid":{"rendered":"http:\/\/karbonarts.com\/wordpress\/?p=1235"},"modified":"2014-06-22T21:20:32","modified_gmt":"2014-06-23T02:20:32","slug":"verano","status":"publish","type":"post","link":"https:\/\/karbonarts.com\/wordpress\/verano\/","title":{"rendered":"Verano"},"content":{"rendered":"<p><img loading=\"lazy\" decoding=\"async\" src=\"https:\/\/karbonarts.com\/wordpress\/wp-content\/uploads\/2014\/06\/Verano.jpg\" alt=\"Verano\" width=\"628\" height=\"628\" class=\"alignnone size-full wp-image-1236\" srcset=\"https:\/\/karbonarts.com\/wordpress\/wp-content\/uploads\/2014\/06\/Verano.jpg 628w, https:\/\/karbonarts.com\/wordpress\/wp-content\/uploads\/2014\/06\/Verano-300x300.jpg 300w, https:\/\/karbonarts.com\/wordpress\/wp-content\/uploads\/2014\/06\/Verano-100x100.jpg 100w, https:\/\/karbonarts.com\/wordpress\/wp-content\/uploads\/2014\/06\/Verano-600x600.jpg 600w, https:\/\/karbonarts.com\/wordpress\/wp-content\/uploads\/2014\/06\/Verano-150x150.jpg 150w, https:\/\/karbonarts.com\/wordpress\/wp-content\/uploads\/2014\/06\/Verano-360x360.jpg 360w\" sizes=\"auto, (max-width: 628px) 100vw, 628px\" \/><\/p>\n<p>Soles desvelados<br \/>\nrumiando entre las nubes.<br \/>\nGolpea un haz los p\u00e1rpados<br \/>\ny enciende nuestra piel.<\/p>\n<p>Ha ca\u00eddo ya un diluvio<br \/>\nque se ha llevado los perfumes,<br \/>\nque ha arrastrado los colores.<\/p>\n<p>Jam\u00e1s existi\u00f3 lugar para la despedida;<br \/>\nel tiempo atraves\u00f3 de largo:<br \/>\ngerminaron las semillas,<br \/>\nmaduraron sin gloria ni desd\u00e9n<br \/>\ncada uno de los d\u00edas.<\/p>\n<p>Perezoso el viento<br \/>\nque no sopla con fuerza.<br \/>\nDeja todav\u00eda polen y n\u00e9ctar<br \/>\nen algunas flores<br \/>\nque a este punto<br \/>\nya est\u00e1n muertas.<\/p>\n<p>Aqu\u00ed empieza la tormenta,<br \/>\nse\u00f1al de que a\u00fan no hemos cambiado.<br \/>\nVe arder el pasado<br \/>\nen crep\u00fasculos<br \/>\nque nunca llegan.<\/p>\n<p>Vienen los meses m\u00e1s dif\u00edciles:<br \/>\nlos que pegan como olas,<br \/>\nlos que queman la pupila.<br \/>\nViene la \u00e9poca del a\u00f1o<br \/>\nen la que se secan nuestras huellas;<br \/>\nnos convertimos en cenizas,<br \/>\nmantenemos las promesas.<\/p>\n<p>22\/06\/2014<\/p>\n","protected":false},"excerpt":{"rendered":"<p>Soles desvelados rumiando entre las nubes. Golpea un haz los p\u00e1rpados y enciende nuestra piel. Ha ca\u00eddo ya un diluvio que se ha llevado los perfumes, que ha arrastrado los colores. Jam\u00e1s existi\u00f3 lugar para la despedida; el tiempo atraves\u00f3 de largo: germinaron las semillas, maduraron sin gloria ni desd\u00e9n cada uno de los d\u00edas. [&hellip;]<\/p>\n","protected":false},"author":1,"featured_media":0,"comment_status":"open","ping_status":"open","sticky":false,"template":"","format":"standard","meta":{"footnotes":""},"categories":[1],"tags":[],"class_list":["post-1235","post","type-post","status-publish","format-standard","hentry","category-uncategorized"],"_links":{"self":[{"href":"https:\/\/karbonarts.com\/wordpress\/wp-json\/wp\/v2\/posts\/1235","targetHints":{"allow":["GET"]}}],"collection":[{"href":"https:\/\/karbonarts.com\/wordpress\/wp-json\/wp\/v2\/posts"}],"about":[{"href":"https:\/\/karbonarts.com\/wordpress\/wp-json\/wp\/v2\/types\/post"}],"author":[{"embeddable":true,"href":"https:\/\/karbonarts.com\/wordpress\/wp-json\/wp\/v2\/users\/1"}],"replies":[{"embeddable":true,"href":"https:\/\/karbonarts.com\/wordpress\/wp-json\/wp\/v2\/comments?post=1235"}],"version-history":[{"count":3,"href":"https:\/\/karbonarts.com\/wordpress\/wp-json\/wp\/v2\/posts\/1235\/revisions"}],"predecessor-version":[{"id":1239,"href":"https:\/\/karbonarts.com\/wordpress\/wp-json\/wp\/v2\/posts\/1235\/revisions\/1239"}],"wp:attachment":[{"href":"https:\/\/karbonarts.com\/wordpress\/wp-json\/wp\/v2\/media?parent=1235"}],"wp:term":[{"taxonomy":"category","embeddable":true,"href":"https:\/\/karbonarts.com\/wordpress\/wp-json\/wp\/v2\/categories?post=1235"},{"taxonomy":"post_tag","embeddable":true,"href":"https:\/\/karbonarts.com\/wordpress\/wp-json\/wp\/v2\/tags?post=1235"}],"curies":[{"name":"wp","href":"https:\/\/api.w.org\/{rel}","templated":true}]}}