{"id":1240,"date":"2014-06-29T22:15:40","date_gmt":"2014-06-30T03:15:40","guid":{"rendered":"http:\/\/karbonarts.com\/wordpress\/?p=1240"},"modified":"2014-06-29T22:16:55","modified_gmt":"2014-06-30T03:16:55","slug":"tres","status":"publish","type":"post","link":"https:\/\/karbonarts.com\/wordpress\/tres\/","title":{"rendered":"\u00c9rase una vez un cuento"},"content":{"rendered":"<p><a href=\"https:\/\/karbonarts.com\/wordpress\/wp-content\/uploads\/2014\/06\/la-foto1.jpg\"><img loading=\"lazy\" decoding=\"async\" src=\"https:\/\/karbonarts.com\/wordpress\/wp-content\/uploads\/2014\/06\/la-foto1.jpg\" alt=\"\u00c9rase una vez un cuento\" width=\"628\" height=\"628\" class=\"alignnone size-full wp-image-1242\" srcset=\"https:\/\/karbonarts.com\/wordpress\/wp-content\/uploads\/2014\/06\/la-foto1.jpg 628w, https:\/\/karbonarts.com\/wordpress\/wp-content\/uploads\/2014\/06\/la-foto1-300x300.jpg 300w, https:\/\/karbonarts.com\/wordpress\/wp-content\/uploads\/2014\/06\/la-foto1-100x100.jpg 100w, https:\/\/karbonarts.com\/wordpress\/wp-content\/uploads\/2014\/06\/la-foto1-600x600.jpg 600w, https:\/\/karbonarts.com\/wordpress\/wp-content\/uploads\/2014\/06\/la-foto1-150x150.jpg 150w, https:\/\/karbonarts.com\/wordpress\/wp-content\/uploads\/2014\/06\/la-foto1-360x360.jpg 360w\" sizes=\"auto, (max-width: 628px) 100vw, 628px\" \/><\/a><\/p>\n<p>\u00c9rase una vez un cuento<br \/>\nque no ten\u00eda protagonistas.<br \/>\nSe sent\u00eda muy solo,<br \/>\ny muy vac\u00edo.<br \/>\nRecorr\u00eda una a una<br \/>\nsus propias p\u00e1ginas<br \/>\ntratando de encontrar d\u00eda tras d\u00eda<br \/>\nalguna mancha entre sus ropas.<\/p>\n<p>Se sent\u00eda triste<br \/>\ny amargado<br \/>\nde que ninguno de los fabulosos personajes<br \/>\nque habitaban otros cuentos<br \/>\nestuviera ah\u00ed a su lado.<br \/>\nSo\u00f1aba cada noche<br \/>\ncon que el infinito de su blanco<br \/>\nse llenaba de historias diferentes,<br \/>\ny que todas ellas se peleaban<br \/>\npor querer estar entre las hojas.<br \/>\nDespertaba, sin embargo,<br \/>\ny admiraba con tristeza<br \/>\nc\u00f3mo segu\u00eda sinti\u00e9ndose incompleto.<br \/>\nEra un desperdicio,<br \/>\npensaba de s\u00ed mismo,<br \/>\npues no contaba ni una historia<br \/>\ny nadie iba a acerc\u00e1rsele jam\u00e1s para leerlo.<\/p>\n<p>Al pasar los a\u00f1os,<br \/>\nel cuento en blanco comenz\u00f3 a contar<br \/>\nsus propios cuentos<br \/>\npara dejar de sentirse solitario.<br \/>\nLos otros personajes comenzaron<br \/>\nentonces a escuchar atentos<br \/>\nlas historias que noche a noche<br \/>\ninventaba el personaje.<\/p>\n<p>Realmente era muy bueno,<br \/>\nconfesaban,<br \/>\ny es que todos quedaban muy perplejos.<br \/>\nLas princesas dejaban caer sus pa\u00f1uelos<br \/>\ndesde lo alto de la torre<br \/>\ny los caballeros<br \/>\nacompa\u00f1aban con respeto<br \/>\nla melancol\u00eda de lo que escuchaban.<br \/>\nEl cuento en blanco se convirti\u00f3<br \/>\nen la admiraci\u00f3n de los dem\u00e1s;<br \/>\nen un ejemplo de creatividad,<br \/>\nhonor, valent\u00eda y bondad.<br \/>\nReflexion\u00f3 entonces<br \/>\nsobre todo lo que hab\u00eda alcanzado.<br \/>\nSe dio cuenta<br \/>\nhasta ese instante<br \/>\nque \u00e9l siempre hab\u00eda sido el protagonista<br \/>\ny hab\u00eda reunido dentro de s\u00ed<br \/>\ntodas las caracter\u00edsticas<br \/>\nde los personajes<br \/>\nque quer\u00eda que habitaran su interior.<\/p>\n<p>29\/06\/2014<\/p>\n","protected":false},"excerpt":{"rendered":"<p>\u00c9rase una vez un cuento que no ten\u00eda protagonistas. Se sent\u00eda muy solo, y muy vac\u00edo. Recorr\u00eda una a una sus propias p\u00e1ginas tratando de encontrar d\u00eda tras d\u00eda alguna mancha entre sus ropas. Se sent\u00eda triste y amargado de que ninguno de los fabulosos personajes que habitaban otros cuentos estuviera ah\u00ed a su lado. [&hellip;]<\/p>\n","protected":false},"author":1,"featured_media":0,"comment_status":"open","ping_status":"open","sticky":false,"template":"","format":"standard","meta":{"footnotes":""},"categories":[1],"tags":[],"class_list":["post-1240","post","type-post","status-publish","format-standard","hentry","category-uncategorized"],"_links":{"self":[{"href":"https:\/\/karbonarts.com\/wordpress\/wp-json\/wp\/v2\/posts\/1240","targetHints":{"allow":["GET"]}}],"collection":[{"href":"https:\/\/karbonarts.com\/wordpress\/wp-json\/wp\/v2\/posts"}],"about":[{"href":"https:\/\/karbonarts.com\/wordpress\/wp-json\/wp\/v2\/types\/post"}],"author":[{"embeddable":true,"href":"https:\/\/karbonarts.com\/wordpress\/wp-json\/wp\/v2\/users\/1"}],"replies":[{"embeddable":true,"href":"https:\/\/karbonarts.com\/wordpress\/wp-json\/wp\/v2\/comments?post=1240"}],"version-history":[{"count":3,"href":"https:\/\/karbonarts.com\/wordpress\/wp-json\/wp\/v2\/posts\/1240\/revisions"}],"predecessor-version":[{"id":1244,"href":"https:\/\/karbonarts.com\/wordpress\/wp-json\/wp\/v2\/posts\/1240\/revisions\/1244"}],"wp:attachment":[{"href":"https:\/\/karbonarts.com\/wordpress\/wp-json\/wp\/v2\/media?parent=1240"}],"wp:term":[{"taxonomy":"category","embeddable":true,"href":"https:\/\/karbonarts.com\/wordpress\/wp-json\/wp\/v2\/categories?post=1240"},{"taxonomy":"post_tag","embeddable":true,"href":"https:\/\/karbonarts.com\/wordpress\/wp-json\/wp\/v2\/tags?post=1240"}],"curies":[{"name":"wp","href":"https:\/\/api.w.org\/{rel}","templated":true}]}}