{"id":1303,"date":"2014-09-28T21:54:01","date_gmt":"2014-09-29T02:54:01","guid":{"rendered":"http:\/\/karbonarts.com\/wordpress\/?p=1303"},"modified":"2014-09-28T21:56:23","modified_gmt":"2014-09-29T02:56:23","slug":"mi-cama-no-me-ama","status":"publish","type":"post","link":"https:\/\/karbonarts.com\/wordpress\/mi-cama-no-me-ama\/","title":{"rendered":"Mi cama no me ama"},"content":{"rendered":"<p><a href=\"https:\/\/karbonarts.com\/wordpress\/wp-content\/uploads\/2014\/09\/2014-09-28-21.55.30.jpg\"><img loading=\"lazy\" decoding=\"async\" src=\"https:\/\/karbonarts.com\/wordpress\/wp-content\/uploads\/2014\/09\/2014-09-28-21.55.30.jpg\" alt=\"Mi cama no me ama\" width=\"628\" height=\"628\" class=\"alignnone size-full wp-image-1306\" srcset=\"https:\/\/karbonarts.com\/wordpress\/wp-content\/uploads\/2014\/09\/2014-09-28-21.55.30.jpg 628w, https:\/\/karbonarts.com\/wordpress\/wp-content\/uploads\/2014\/09\/2014-09-28-21.55.30-300x300.jpg 300w, https:\/\/karbonarts.com\/wordpress\/wp-content\/uploads\/2014\/09\/2014-09-28-21.55.30-100x100.jpg 100w, https:\/\/karbonarts.com\/wordpress\/wp-content\/uploads\/2014\/09\/2014-09-28-21.55.30-600x600.jpg 600w, https:\/\/karbonarts.com\/wordpress\/wp-content\/uploads\/2014\/09\/2014-09-28-21.55.30-150x150.jpg 150w, https:\/\/karbonarts.com\/wordpress\/wp-content\/uploads\/2014\/09\/2014-09-28-21.55.30-360x360.jpg 360w\" sizes=\"auto, (max-width: 628px) 100vw, 628px\" \/><\/a><\/p>\n<p>Doce de la noche.<br \/>\nMis ojos abiertos a la nada.<br \/>\nParedes de papel<br \/>\npor las que se cuelan<br \/>\nnoticieros,<br \/>\npel\u00edculas y series,<br \/>\nconversaciones de novela.<br \/>\nOigo transpirar la calle,<br \/>\nle cuento mis secretos a la almohada.<br \/>\nPienso que quiz\u00e1 cuando amanezca<br \/>\nmi vida sea como esperaba.<\/p>\n<p>Dos de la ma\u00f1ana.<br \/>\nRuedo en el colch\u00f3n<br \/>\ny me envuelvo entre las s\u00e1banas.<br \/>\nApago la luz de mi conciencia<br \/>\npara no pensar m\u00e1s en sus palabras.<br \/>\n\u00bfPero c\u00f3mo olvidar su voz tan dulce,<br \/>\nsu mirada tan profunda,<br \/>\nsentir su pecho a mis espaldas?<\/p>\n<p>Tres de la ma\u00f1ana.<br \/>\nMiro las estrellas<br \/>\na trav\u00e9s de mi ventana.<br \/>\nMe pregunto qu\u00e9 est\u00e1 haciendo:<br \/>\nsi estar\u00e1 de fiesta<br \/>\no ya durmiendo<br \/>\no si se acordar\u00e1 de m\u00ed<br \/>\nlos fines de semana.<br \/>\nNo resisto tentaci\u00f3n:<br \/>\ncomienzo a repasar conversaciones,<br \/>\na mirar fotograf\u00edas,<br \/>\na seguir paso a paso<br \/>\ntodo eso que publica.<br \/>\nVeo si a\u00fan se encuentra activo,<br \/>\nsi a\u00fan se encuentra en l\u00ednea.<br \/>\nNo duermo de saber<br \/>\nque no soy el \u00fanico en su vida.<\/p>\n<p>Seis de la ma\u00f1ana.<br \/>\nMe duele la cabeza;<br \/>\nfue una noche larga.<br \/>\nLa madrugada se evapora<br \/>\ncon el sonido de mi alarma.<br \/>\n\u00bfQu\u00e9 ha pasado?<br \/>\n\u00bfC\u00f3mo ha sido?<br \/>\nVeo de nuevo la pantalla<br \/>\ny no comprendo<br \/>\nc\u00f3mo me ha quitado el sue\u00f1o<br \/>\nalguien que no quiere estar conmigo.<\/p>\n<p>Me levanto,<br \/>\napenas separo las pesta\u00f1as.<br \/>\nArrastro las cobijas<br \/>\nhasta el ba\u00f1o<br \/>\nmientras preparo mi jornada.<br \/>\nMe salgo a trabajar,<br \/>\ns\u00f3lo sue\u00f1o con volver a casa.<br \/>\nNo habr\u00e1 caf\u00e9 suficiente en esta tierra<br \/>\nque me despierte tanto<br \/>\ncomo sus mensajes o llamadas.<br \/>\nOjal\u00e1 me busque<br \/>\ny me diga que me extra\u00f1a.<\/p>\n<p>As\u00ed empieza otro d\u00eda,<br \/>\npero apenas puedo con mi alma.<br \/>\nNo s\u00e9 por qu\u00e9<br \/>\npero a veces<br \/>\ntengo la impresi\u00f3n<br \/>\nde que mi cama no me ama.<\/p>\n<p>28\/09\/2014<\/p>\n","protected":false},"excerpt":{"rendered":"<p>Doce de la noche. Mis ojos abiertos a la nada. Paredes de papel por las que se cuelan noticieros, pel\u00edculas y series, conversaciones de novela. Oigo transpirar la calle, le cuento mis secretos a la almohada. Pienso que quiz\u00e1 cuando amanezca mi vida sea como esperaba. Dos de la ma\u00f1ana. Ruedo en el colch\u00f3n y [&hellip;]<\/p>\n","protected":false},"author":1,"featured_media":0,"comment_status":"open","ping_status":"open","sticky":false,"template":"","format":"standard","meta":{"footnotes":""},"categories":[6],"tags":[],"class_list":["post-1303","post","type-post","status-publish","format-standard","hentry","category-blog"],"_links":{"self":[{"href":"https:\/\/karbonarts.com\/wordpress\/wp-json\/wp\/v2\/posts\/1303","targetHints":{"allow":["GET"]}}],"collection":[{"href":"https:\/\/karbonarts.com\/wordpress\/wp-json\/wp\/v2\/posts"}],"about":[{"href":"https:\/\/karbonarts.com\/wordpress\/wp-json\/wp\/v2\/types\/post"}],"author":[{"embeddable":true,"href":"https:\/\/karbonarts.com\/wordpress\/wp-json\/wp\/v2\/users\/1"}],"replies":[{"embeddable":true,"href":"https:\/\/karbonarts.com\/wordpress\/wp-json\/wp\/v2\/comments?post=1303"}],"version-history":[{"count":3,"href":"https:\/\/karbonarts.com\/wordpress\/wp-json\/wp\/v2\/posts\/1303\/revisions"}],"predecessor-version":[{"id":1308,"href":"https:\/\/karbonarts.com\/wordpress\/wp-json\/wp\/v2\/posts\/1303\/revisions\/1308"}],"wp:attachment":[{"href":"https:\/\/karbonarts.com\/wordpress\/wp-json\/wp\/v2\/media?parent=1303"}],"wp:term":[{"taxonomy":"category","embeddable":true,"href":"https:\/\/karbonarts.com\/wordpress\/wp-json\/wp\/v2\/categories?post=1303"},{"taxonomy":"post_tag","embeddable":true,"href":"https:\/\/karbonarts.com\/wordpress\/wp-json\/wp\/v2\/tags?post=1303"}],"curies":[{"name":"wp","href":"https:\/\/api.w.org\/{rel}","templated":true}]}}