{"id":1385,"date":"2015-02-08T22:10:19","date_gmt":"2015-02-09T04:10:19","guid":{"rendered":"http:\/\/karbonarts.com\/wordpress\/?p=1385"},"modified":"2015-02-11T10:55:33","modified_gmt":"2015-02-11T16:55:33","slug":"el-significado-de-las-pequenas-cosas","status":"publish","type":"post","link":"https:\/\/karbonarts.com\/wordpress\/el-significado-de-las-pequenas-cosas\/","title":{"rendered":"El significado de las peque\u00f1as cosas"},"content":{"rendered":"<p><img loading=\"lazy\" decoding=\"async\" src=\"https:\/\/karbonarts.com\/wordpress\/wp-content\/uploads\/2015\/02\/El-significado-de-las-peque\u00f1as-cosas.jpg\" alt=\"El significado de las peque\u00f1as cosas\" width=\"628\" height=\"628\" class=\"alignnone size-full wp-image-1386\" srcset=\"https:\/\/karbonarts.com\/wordpress\/wp-content\/uploads\/2015\/02\/El-significado-de-las-peque\u00f1as-cosas.jpg 628w, https:\/\/karbonarts.com\/wordpress\/wp-content\/uploads\/2015\/02\/El-significado-de-las-peque\u00f1as-cosas-300x300.jpg 300w, https:\/\/karbonarts.com\/wordpress\/wp-content\/uploads\/2015\/02\/El-significado-de-las-peque\u00f1as-cosas-100x100.jpg 100w, https:\/\/karbonarts.com\/wordpress\/wp-content\/uploads\/2015\/02\/El-significado-de-las-peque\u00f1as-cosas-600x600.jpg 600w, https:\/\/karbonarts.com\/wordpress\/wp-content\/uploads\/2015\/02\/El-significado-de-las-peque\u00f1as-cosas-150x150.jpg 150w, https:\/\/karbonarts.com\/wordpress\/wp-content\/uploads\/2015\/02\/El-significado-de-las-peque\u00f1as-cosas-360x360.jpg 360w\" sizes=\"auto, (max-width: 628px) 100vw, 628px\" \/><\/p>\n<p>As\u00ed que ahora me despierto<br \/>\ncon la luz de la ma\u00f1ana<br \/>\nescurri\u00e9ndose entre mis p\u00e1rpados.<br \/>\nMe volteo,<br \/>\nquiero sentir que puedo hacer de noche<br \/>\nlo que siento.<\/p>\n<p>A trav\u00e9s de la ventana,<br \/>\nel \u00e1rbol se despereza desnudo<br \/>\nbajo el aguanieve.<br \/>\nMe gustar\u00eda ser \u00e9l,<br \/>\nme gustar\u00eda salir con la pijama<br \/>\ny correr bajo las nubes.<br \/>\nResbalar,<br \/>\ncaer,<br \/>\nsangrar;<br \/>\nver arder la piel<br \/>\ncomo si acabara de nacer.<\/p>\n<p>Hay un periodo<br \/>\nentre el amanecer y la vigilia<br \/>\nen el que puedes escuchar<br \/>\nroncar al d\u00eda,<br \/>\nsentir c\u00f3mo sube y baja<br \/>\ny te arrulla.<\/p>\n<p>Antes del sonido de los p\u00e1jaros,<br \/>\nmi cuerpo ensambla sus pedazos<br \/>\npara volver a comenzar.<\/p>\n<p>Ayer no ten\u00eda idea alguna<br \/>\nde lo que iba a suceder.<br \/>\nHoy no recuerdo nada<br \/>\nde lo que en vida transcurri\u00f3.<\/p>\n<p>No merezco ser llamado ciudadano<br \/>\nde un pa\u00eds que me ha adoptado;<br \/>\nque a trav\u00e9s de estaciones<br \/>\nme ha ense\u00f1ado<br \/>\nque puedo perderme en conjunci\u00f3n<br \/>\ncon todos mis sentidos.<\/p>\n<p>Volver\u00e9,<br \/>\ns\u00e9 que volver\u00e9,<br \/>\nporque lo que me une al coraz\u00f3n<br \/>\na\u00fan no se ha acabado.<br \/>\nVolver\u00e9<br \/>\npara observar si las semillas<br \/>\nde los sue\u00f1os que he dejado atr\u00e1s<br \/>\npor fin han germinado.<br \/>\nVolver\u00e9 porque aunque no me he ido<br \/>\nya te extra\u00f1o.<br \/>\nPorque estamos juntos<br \/>\naunque t\u00fa no est\u00e9s conmigo.<br \/>\nVolver\u00e9,<br \/>\nporque apenas empec\u00e9 mi viaje.<\/p>\n<p>08\/02\/2015<\/p>\n","protected":false},"excerpt":{"rendered":"<p>As\u00ed que ahora me despierto con la luz de la ma\u00f1ana escurri\u00e9ndose entre mis p\u00e1rpados. Me volteo, quiero sentir que puedo hacer de noche lo que siento. A trav\u00e9s de la ventana, el \u00e1rbol se despereza desnudo bajo el aguanieve. Me gustar\u00eda ser \u00e9l, me gustar\u00eda salir con la pijama y correr bajo las nubes. [&hellip;]<\/p>\n","protected":false},"author":1,"featured_media":0,"comment_status":"open","ping_status":"open","sticky":false,"template":"","format":"standard","meta":{"footnotes":""},"categories":[6],"tags":[],"class_list":["post-1385","post","type-post","status-publish","format-standard","hentry","category-blog"],"_links":{"self":[{"href":"https:\/\/karbonarts.com\/wordpress\/wp-json\/wp\/v2\/posts\/1385","targetHints":{"allow":["GET"]}}],"collection":[{"href":"https:\/\/karbonarts.com\/wordpress\/wp-json\/wp\/v2\/posts"}],"about":[{"href":"https:\/\/karbonarts.com\/wordpress\/wp-json\/wp\/v2\/types\/post"}],"author":[{"embeddable":true,"href":"https:\/\/karbonarts.com\/wordpress\/wp-json\/wp\/v2\/users\/1"}],"replies":[{"embeddable":true,"href":"https:\/\/karbonarts.com\/wordpress\/wp-json\/wp\/v2\/comments?post=1385"}],"version-history":[{"count":2,"href":"https:\/\/karbonarts.com\/wordpress\/wp-json\/wp\/v2\/posts\/1385\/revisions"}],"predecessor-version":[{"id":1388,"href":"https:\/\/karbonarts.com\/wordpress\/wp-json\/wp\/v2\/posts\/1385\/revisions\/1388"}],"wp:attachment":[{"href":"https:\/\/karbonarts.com\/wordpress\/wp-json\/wp\/v2\/media?parent=1385"}],"wp:term":[{"taxonomy":"category","embeddable":true,"href":"https:\/\/karbonarts.com\/wordpress\/wp-json\/wp\/v2\/categories?post=1385"},{"taxonomy":"post_tag","embeddable":true,"href":"https:\/\/karbonarts.com\/wordpress\/wp-json\/wp\/v2\/tags?post=1385"}],"curies":[{"name":"wp","href":"https:\/\/api.w.org\/{rel}","templated":true}]}}