{"id":1460,"date":"2015-05-03T23:44:22","date_gmt":"2015-05-04T04:44:22","guid":{"rendered":"http:\/\/karbonarts.com\/wordpress\/?p=1460"},"modified":"2015-05-03T23:44:22","modified_gmt":"2015-05-04T04:44:22","slug":"mi-vida-huele-a-cafe","status":"publish","type":"post","link":"https:\/\/karbonarts.com\/wordpress\/mi-vida-huele-a-cafe\/","title":{"rendered":"Mi vida huele a caf\u00e9"},"content":{"rendered":"<p><img loading=\"lazy\" decoding=\"async\" src=\"https:\/\/karbonarts.com\/wordpress\/wp-content\/uploads\/2015\/05\/Mi-vida-huele-a-caf\u00e9.jpg\" alt=\"Mi vida huele a caf\u00e9\" width=\"628\" height=\"628\" class=\"alignnone size-full wp-image-1461\" srcset=\"https:\/\/karbonarts.com\/wordpress\/wp-content\/uploads\/2015\/05\/Mi-vida-huele-a-caf\u00e9.jpg 628w, https:\/\/karbonarts.com\/wordpress\/wp-content\/uploads\/2015\/05\/Mi-vida-huele-a-caf\u00e9-300x300.jpg 300w, https:\/\/karbonarts.com\/wordpress\/wp-content\/uploads\/2015\/05\/Mi-vida-huele-a-caf\u00e9-100x100.jpg 100w, https:\/\/karbonarts.com\/wordpress\/wp-content\/uploads\/2015\/05\/Mi-vida-huele-a-caf\u00e9-600x600.jpg 600w, https:\/\/karbonarts.com\/wordpress\/wp-content\/uploads\/2015\/05\/Mi-vida-huele-a-caf\u00e9-150x150.jpg 150w, https:\/\/karbonarts.com\/wordpress\/wp-content\/uploads\/2015\/05\/Mi-vida-huele-a-caf\u00e9-360x360.jpg 360w\" sizes=\"auto, (max-width: 628px) 100vw, 628px\" \/><\/p>\n<p>Mi vida huele a caf\u00e9:<br \/>\nal roc\u00edo que con paciencia<br \/>\nse vuelve cascada,<br \/>\na la caricia<br \/>\nque baja tranquila<br \/>\npor la monta\u00f1a<br \/>\ny llega hasta mi piel.<\/p>\n<p>Mi vida huele a caf\u00e9:<br \/>\na esa sensaci\u00f3n de estar descalzo<br \/>\ny frotar una contra otra<br \/>\nlas plantas de mis pies.<br \/>\nBaja el viento por la colina,<br \/>\ndespierta los sentidos<br \/>\nque a\u00fan est\u00e1n dormidos<br \/>\nen el fondo de tu ser.<\/p>\n<p>Mi vida huele a caf\u00e9<br \/>\ny sabe a la luz<br \/>\nque atraviesa la ventana<br \/>\ncon el destello del amanecer.<\/p>\n<p>Mi vida tiene ese sabor amargo,<br \/>\nproducto de vivirla<br \/>\ny no tanto de envejecer.<br \/>\nMi vida sabe bien estando sola,<br \/>\npero tambi\u00e9n en compa\u00f1\u00eda,<br \/>\npor eso no me importa tanto<br \/>\nsi a veces est\u00e1 hirviendo<br \/>\no en ocasiones se me enfr\u00eda.<br \/>\nYo s\u00e9 disfrutar de todos los momentos;<br \/>\nno s\u00f3lo cada vez que se necesita.<\/p>\n<p>Mi vida huele a caf\u00e9<br \/>\ny me hace sentir en casa<br \/>\ncada vez que sorbo taza a taza<br \/>\nsin importar en d\u00f3nde est\u00e9.<\/p>\n<p>Mi vida huele a caf\u00e9:<br \/>\nal sabor de la esperanza<br \/>\nque transforma los d\u00edas lluviosos<br \/>\nen soleados<br \/>\ncomo por arte de magia<br \/>\ntan s\u00f3lo con tener un poco de fe. <\/p>\n<p>Mi vida huele a caf\u00e9:<br \/>\nes la m\u00fasica que hace que yo baile<br \/>\ncualquier tipo de melod\u00eda<br \/>\naunque no sepa cu\u00e1l es.<\/p>\n<p>Mi vida huele a caf\u00e9:<br \/>\na un coraz\u00f3n de fuego,<br \/>\na unos ojos verdes,<br \/>\na una boca que sabe a miel.<\/p>\n<p>03\/05\/2015<\/p>\n","protected":false},"excerpt":{"rendered":"<p>Mi vida huele a caf\u00e9: al roc\u00edo que con paciencia se vuelve cascada, a la caricia que baja tranquila por la monta\u00f1a y llega hasta mi piel. Mi vida huele a caf\u00e9: a esa sensaci\u00f3n de estar descalzo y frotar una contra otra las plantas de mis pies. Baja el viento por la colina, despierta [&hellip;]<\/p>\n","protected":false},"author":1,"featured_media":0,"comment_status":"open","ping_status":"open","sticky":false,"template":"","format":"standard","meta":{"footnotes":""},"categories":[6],"tags":[],"class_list":["post-1460","post","type-post","status-publish","format-standard","hentry","category-blog"],"_links":{"self":[{"href":"https:\/\/karbonarts.com\/wordpress\/wp-json\/wp\/v2\/posts\/1460","targetHints":{"allow":["GET"]}}],"collection":[{"href":"https:\/\/karbonarts.com\/wordpress\/wp-json\/wp\/v2\/posts"}],"about":[{"href":"https:\/\/karbonarts.com\/wordpress\/wp-json\/wp\/v2\/types\/post"}],"author":[{"embeddable":true,"href":"https:\/\/karbonarts.com\/wordpress\/wp-json\/wp\/v2\/users\/1"}],"replies":[{"embeddable":true,"href":"https:\/\/karbonarts.com\/wordpress\/wp-json\/wp\/v2\/comments?post=1460"}],"version-history":[{"count":1,"href":"https:\/\/karbonarts.com\/wordpress\/wp-json\/wp\/v2\/posts\/1460\/revisions"}],"predecessor-version":[{"id":1462,"href":"https:\/\/karbonarts.com\/wordpress\/wp-json\/wp\/v2\/posts\/1460\/revisions\/1462"}],"wp:attachment":[{"href":"https:\/\/karbonarts.com\/wordpress\/wp-json\/wp\/v2\/media?parent=1460"}],"wp:term":[{"taxonomy":"category","embeddable":true,"href":"https:\/\/karbonarts.com\/wordpress\/wp-json\/wp\/v2\/categories?post=1460"},{"taxonomy":"post_tag","embeddable":true,"href":"https:\/\/karbonarts.com\/wordpress\/wp-json\/wp\/v2\/tags?post=1460"}],"curies":[{"name":"wp","href":"https:\/\/api.w.org\/{rel}","templated":true}]}}