{"id":1649,"date":"2016-03-27T20:32:59","date_gmt":"2016-03-28T02:32:59","guid":{"rendered":"http:\/\/karbonarts.com\/wordpress\/?p=1649"},"modified":"2016-04-03T20:16:17","modified_gmt":"2016-04-04T01:16:17","slug":"1649-2","status":"publish","type":"post","link":"https:\/\/karbonarts.com\/wordpress\/1649-2\/","title":{"rendered":"Pensar al rev\u00e9s"},"content":{"rendered":"<p><img loading=\"lazy\" decoding=\"async\" src=\"https:\/\/karbonarts.com\/wordpress\/wp-content\/uploads\/2016\/03\/pensar-al-reve\u0301s.png\" alt=\"pensar al reve\u0301s\" width=\"628\" height=\"628\" class=\"alignnone size-full wp-image-1650\" srcset=\"https:\/\/karbonarts.com\/wordpress\/wp-content\/uploads\/2016\/03\/pensar-al-reve\u0301s.png 628w, https:\/\/karbonarts.com\/wordpress\/wp-content\/uploads\/2016\/03\/pensar-al-reve\u0301s-300x300.png 300w, https:\/\/karbonarts.com\/wordpress\/wp-content\/uploads\/2016\/03\/pensar-al-reve\u0301s-100x100.png 100w, https:\/\/karbonarts.com\/wordpress\/wp-content\/uploads\/2016\/03\/pensar-al-reve\u0301s-600x600.png 600w, https:\/\/karbonarts.com\/wordpress\/wp-content\/uploads\/2016\/03\/pensar-al-reve\u0301s-150x150.png 150w, https:\/\/karbonarts.com\/wordpress\/wp-content\/uploads\/2016\/03\/pensar-al-reve\u0301s-360x360.png 360w\" sizes=\"auto, (max-width: 628px) 100vw, 628px\" \/><\/p>\n<p>Hab\u00eda un tren que me llevaba a alg\u00fan lugar<br \/>\ndel pasado<br \/>\nde donde no pod\u00eda recordar nada<br \/>\nsino im\u00e1genes<br \/>\nmemorias<br \/>\ndestellos<br \/>\npoemas<br \/>\ndulzuras<br \/>\ngaviotas<br \/>\nun mar azul<br \/>\ndel color azul<br \/>\nde los ojos<br \/>\nque nunca pude ver<br \/>\nporque no me dejaste<br \/>\nlos cerraste<br \/>\ncomo ventanas<br \/>\ncomo cortinas<br \/>\ncomo telones<br \/>\ncomo el viento<br \/>\nque arranca dos flores<br \/>\ny se las lleva lejos,<br \/>\na otro sitio<br \/>\na una isla<br \/>\na un oasis<br \/>\nperdido<br \/>\ndonde yo ya no puedo alcanzarte.<\/p>\n<p>As\u00ed que tom\u00e9 un bote<br \/>\nme fui a la playa<br \/>\nnad\u00e9 por las olas<br \/>\nque me mec\u00edan en contra tuya.<br \/>\nAs\u00ed que fui<br \/>\ny vine<br \/>\nuna y otra vez<br \/>\notra vez y una<br \/>\nvine<br \/>\ny fui<br \/>\nhasta que toqu\u00e9 una tierra<br \/>\nque no era tuya.<br \/>\nY a lo mejor s\u00ed que eras t\u00fa<br \/>\npero no la misma:<br \/>\nte secaste<br \/>\nte agrietaste<br \/>\nte volviste una calma<br \/>\nm\u00e1s transparente<br \/>\nque la nieve.<br \/>\nAlgo de otro mundo,<br \/>\nun ecosistema<br \/>\nindependiente.<\/p>\n<p>Atardeci\u00f3<br \/>\ny no pude encontrar la puesta de sol<br \/>\nentre nosotros.<br \/>\nAmaneci\u00f3<br \/>\ny no reconoc\u00ed de d\u00f3nde pudo haber surgido<br \/>\nel alba.<br \/>\nPero estoy seguro<br \/>\nde que no fue de tu boca<br \/>\nni de tus brazos<br \/>\nni de nada de lo que prometimos<br \/>\nque ser\u00eda inamovible<br \/>\nirremplazable<br \/>\ninigualable.<\/p>\n<p>Volv\u00ed a mi bote<br \/>\ny camin\u00e9 por sobre el hielo<br \/>\nporque el mar<br \/>\na pesar de lo salado<br \/>\nse congel\u00f3<br \/>\nporque lo despreciaste<br \/>\nporque no lo regaste<br \/>\ny me condujo hasta la playa<br \/>\ndonde hace a\u00f1os<br \/>\nnos hab\u00edamos jurado estar juntos.<\/p>\n<p>Y al llegar todos se hab\u00edan ido<br \/>\nla estaci\u00f3n permaneci\u00f3 vac\u00eda<br \/>\npero ning\u00fan tren vino<br \/>\na recogerme.<br \/>\nSe hab\u00eda ido,<br \/>\nme abandonaron.<\/p>\n<p>27\/03\/2016<\/p>\n","protected":false},"excerpt":{"rendered":"<p>Hab\u00eda un tren que me llevaba a alg\u00fan lugar del pasado de donde no pod\u00eda recordar nada sino im\u00e1genes memorias destellos poemas dulzuras gaviotas un mar azul del color azul de los ojos que nunca pude ver porque no me dejaste los cerraste como ventanas como cortinas como telones como el viento que arranca dos [&hellip;]<\/p>\n","protected":false},"author":1,"featured_media":0,"comment_status":"open","ping_status":"closed","sticky":false,"template":"","format":"standard","meta":{"footnotes":""},"categories":[6],"tags":[],"class_list":["post-1649","post","type-post","status-publish","format-standard","hentry","category-blog"],"_links":{"self":[{"href":"https:\/\/karbonarts.com\/wordpress\/wp-json\/wp\/v2\/posts\/1649","targetHints":{"allow":["GET"]}}],"collection":[{"href":"https:\/\/karbonarts.com\/wordpress\/wp-json\/wp\/v2\/posts"}],"about":[{"href":"https:\/\/karbonarts.com\/wordpress\/wp-json\/wp\/v2\/types\/post"}],"author":[{"embeddable":true,"href":"https:\/\/karbonarts.com\/wordpress\/wp-json\/wp\/v2\/users\/1"}],"replies":[{"embeddable":true,"href":"https:\/\/karbonarts.com\/wordpress\/wp-json\/wp\/v2\/comments?post=1649"}],"version-history":[{"count":3,"href":"https:\/\/karbonarts.com\/wordpress\/wp-json\/wp\/v2\/posts\/1649\/revisions"}],"predecessor-version":[{"id":1656,"href":"https:\/\/karbonarts.com\/wordpress\/wp-json\/wp\/v2\/posts\/1649\/revisions\/1656"}],"wp:attachment":[{"href":"https:\/\/karbonarts.com\/wordpress\/wp-json\/wp\/v2\/media?parent=1649"}],"wp:term":[{"taxonomy":"category","embeddable":true,"href":"https:\/\/karbonarts.com\/wordpress\/wp-json\/wp\/v2\/categories?post=1649"},{"taxonomy":"post_tag","embeddable":true,"href":"https:\/\/karbonarts.com\/wordpress\/wp-json\/wp\/v2\/tags?post=1649"}],"curies":[{"name":"wp","href":"https:\/\/api.w.org\/{rel}","templated":true}]}}