{"id":1723,"date":"2016-08-08T08:55:25","date_gmt":"2016-08-08T13:55:25","guid":{"rendered":"http:\/\/karbonarts.com\/wordpress\/?p=1723"},"modified":"2022-08-14T21:01:49","modified_gmt":"2022-08-15T02:01:49","slug":"los-colores-del-verano","status":"publish","type":"post","link":"https:\/\/karbonarts.com\/wordpress\/los-colores-del-verano\/","title":{"rendered":"Los colores del verano"},"content":{"rendered":"<p><img loading=\"lazy\" decoding=\"async\" src=\"https:\/\/karbonarts.com\/wordpress\/wp-content\/uploads\/2016\/08\/Los-colores-del-verano.png\" alt=\"Los colores del verano\" width=\"628\" height=\"628\" class=\"alignnone size-full wp-image-1724\" srcset=\"https:\/\/karbonarts.com\/wordpress\/wp-content\/uploads\/2016\/08\/Los-colores-del-verano.png 628w, https:\/\/karbonarts.com\/wordpress\/wp-content\/uploads\/2016\/08\/Los-colores-del-verano-300x300.png 300w, https:\/\/karbonarts.com\/wordpress\/wp-content\/uploads\/2016\/08\/Los-colores-del-verano-100x100.png 100w, https:\/\/karbonarts.com\/wordpress\/wp-content\/uploads\/2016\/08\/Los-colores-del-verano-600x600.png 600w, https:\/\/karbonarts.com\/wordpress\/wp-content\/uploads\/2016\/08\/Los-colores-del-verano-150x150.png 150w, https:\/\/karbonarts.com\/wordpress\/wp-content\/uploads\/2016\/08\/Los-colores-del-verano-360x360.png 360w\" sizes=\"auto, (max-width: 628px) 100vw, 628px\" \/><\/p>\n<p>A media noche me levanto,<br \/>\nun haz de luz<br \/>\nse detiene en mi rostro.<br \/>\nAbro los ojos<br \/>\ny ya es de ma\u00f1ana.<br \/>\nAqu\u00ed el sol sale<br \/>\ncuando te levantas.<br \/>\nEl viento ronca<br \/>\ny el tiempo descansa<br \/>\ncomo roc\u00edo sobre las hojas.<br \/>\nHay sonidos que uno crea<br \/>\nmientras el o\u00eddo<br \/>\nse acostumbra al vac\u00edo.<\/p>\n<p>A veces siento que el reloj<br \/>\nfunciona de otra forma<br \/>\ncuando uno habita<br \/>\nvarios mundos a la vez.<br \/>\nAqu\u00ed vivo m\u00e1s temprano,<br \/>\nme parece,<br \/>\npero el d\u00eda me alcanza<br \/>\npara hacer hasta lo que<br \/>\nmenos pienso.<br \/>\nSi vivo all\u00e1<br \/>\nvivo m\u00e1s tarde,<br \/>\npero el d\u00eda oscurece<br \/>\nentre lluvias y sombras<br \/>\nque me persiguen hasta el sue\u00f1o.<\/p>\n<p>Normalmente el verano<br \/>\nes verde y amarillo:<br \/>\ncolores c\u00e1lidos y tibios<br \/>\nque generan mis sonrisas.<br \/>\nGamas que gu\u00edan mis pasos<br \/>\nentre el jard\u00edn<br \/>\ny el asfalto.<\/p>\n<p>Este a\u00f1o me perder\u00e9<br \/>\nel verano en el lugar<br \/>\nque m\u00e1s amo.<br \/>\nEstar\u00e9 volando por los aires,<br \/>\nrecorriendo lugares infinitos,<br \/>\ncaminando por las calles,<br \/>\nmuri\u00e9ndome de fr\u00edo.<\/p>\n<p>Pero aunque est\u00e9 muy lejos<br \/>\naprender\u00e9 de otros colores.<br \/>\nVer\u00e9 mi vida de otras formas,<br \/>\ncon otros filtros.<br \/>\nIntentar\u00e9 ser feliz<br \/>\ncon lo que desconozco.<br \/>\nMe ir\u00e9 a dormir por la ma\u00f1ana<br \/>\nsabiendo que al siguiente d\u00eda<br \/>\ndespertar\u00e9<br \/>\ncuando el sol aparezca en mi ventana.<\/p>\n<p>2016\/08\/07<\/p>\n<p>07&#215;01<\/p>\n","protected":false},"excerpt":{"rendered":"<p>A media noche me levanto, un haz de luz se detiene en mi rostro. Abro los ojos y ya es de ma\u00f1ana. Aqu\u00ed el sol sale cuando te levantas. El viento ronca y el tiempo descansa como roc\u00edo sobre las hojas. Hay sonidos que uno crea mientras el o\u00eddo se acostumbra al vac\u00edo. A veces [&hellip;]<\/p>\n","protected":false},"author":1,"featured_media":0,"comment_status":"closed","ping_status":"closed","sticky":false,"template":"","format":"standard","meta":{"footnotes":""},"categories":[6],"tags":[],"class_list":["post-1723","post","type-post","status-publish","format-standard","hentry","category-blog"],"_links":{"self":[{"href":"https:\/\/karbonarts.com\/wordpress\/wp-json\/wp\/v2\/posts\/1723","targetHints":{"allow":["GET"]}}],"collection":[{"href":"https:\/\/karbonarts.com\/wordpress\/wp-json\/wp\/v2\/posts"}],"about":[{"href":"https:\/\/karbonarts.com\/wordpress\/wp-json\/wp\/v2\/types\/post"}],"author":[{"embeddable":true,"href":"https:\/\/karbonarts.com\/wordpress\/wp-json\/wp\/v2\/users\/1"}],"replies":[{"embeddable":true,"href":"https:\/\/karbonarts.com\/wordpress\/wp-json\/wp\/v2\/comments?post=1723"}],"version-history":[{"count":1,"href":"https:\/\/karbonarts.com\/wordpress\/wp-json\/wp\/v2\/posts\/1723\/revisions"}],"predecessor-version":[{"id":1725,"href":"https:\/\/karbonarts.com\/wordpress\/wp-json\/wp\/v2\/posts\/1723\/revisions\/1725"}],"wp:attachment":[{"href":"https:\/\/karbonarts.com\/wordpress\/wp-json\/wp\/v2\/media?parent=1723"}],"wp:term":[{"taxonomy":"category","embeddable":true,"href":"https:\/\/karbonarts.com\/wordpress\/wp-json\/wp\/v2\/categories?post=1723"},{"taxonomy":"post_tag","embeddable":true,"href":"https:\/\/karbonarts.com\/wordpress\/wp-json\/wp\/v2\/tags?post=1723"}],"curies":[{"name":"wp","href":"https:\/\/api.w.org\/{rel}","templated":true}]}}