{"id":670,"date":"2013-07-07T22:40:29","date_gmt":"2013-07-08T03:40:29","guid":{"rendered":"http:\/\/karbonarts.com\/wordpress\/?p=670"},"modified":"2013-07-07T22:42:26","modified_gmt":"2013-07-08T03:42:26","slug":"la-vuelta-al-color","status":"publish","type":"post","link":"https:\/\/karbonarts.com\/wordpress\/la-vuelta-al-color\/","title":{"rendered":"La vuelta al color"},"content":{"rendered":"<p><img loading=\"lazy\" decoding=\"async\" src=\"https:\/\/karbonarts.com\/wordpress\/wp-content\/uploads\/2013\/07\/La-vuelta-al-color-1024x1024.jpg\" alt=\"La vuelta al color\" width=\"800\" height=\"800\" class=\"aligncenter size-large wp-image-671\" srcset=\"https:\/\/karbonarts.com\/wordpress\/wp-content\/uploads\/2013\/07\/La-vuelta-al-color-1024x1024.jpg 1024w, https:\/\/karbonarts.com\/wordpress\/wp-content\/uploads\/2013\/07\/La-vuelta-al-color-300x300.jpg 300w, https:\/\/karbonarts.com\/wordpress\/wp-content\/uploads\/2013\/07\/La-vuelta-al-color-100x100.jpg 100w, https:\/\/karbonarts.com\/wordpress\/wp-content\/uploads\/2013\/07\/La-vuelta-al-color-600x600.jpg 600w, https:\/\/karbonarts.com\/wordpress\/wp-content\/uploads\/2013\/07\/La-vuelta-al-color-150x150.jpg 150w, https:\/\/karbonarts.com\/wordpress\/wp-content\/uploads\/2013\/07\/La-vuelta-al-color.jpg 1440w\" sizes=\"auto, (max-width: 800px) 100vw, 800px\" \/><\/p>\n<p>Pocas cosas en la vida me hacen re\u00edr. Desde hace mucho decid\u00ed esconder mi alegr\u00eda bajo una cortina sin expresi\u00f3n.<\/p>\n<p>As\u00ed se labr\u00f3 la tierra, y ahora que trato de que el r\u00edo de la dicha fluya por mi rostro, no hay caminos ni veredas que conduzcan lo que siento por un sendero de felicidad.<\/p>\n<p>Pocas cosas en la vida me hacen sonre\u00edr. Considero que s\u00f3lo aquello con cierto grado de inteligencia y originalidad logra colarse hasta mis emociones y remover un grado de ilusi\u00f3n de lo que me gustar\u00eda hacer en esta vida.<\/p>\n<p>Comenc\u00e9 a escribir para escuchar c\u00f3mo sonaban mis palabras. Deben saber una cosa: Detesto mi voz; demasiado grave, plana, l\u00edquida. En cambio, mis palabras son m\u00e1s r\u00edtmicas, sonoras, musicales. Crean im\u00e1genes, activan memorias. \u00bfY qu\u00e9 es al final la vida sino lo que recordamos de ella?<\/p>\n<p>Hace tiempo que no suelo estar solo. Tengo una relaci\u00f3n. Envidiable, podr\u00edan pensar algunos, pero para m\u00ed s\u00f3lo es un hombre con el cual comparto la cama por las noches. He llegado a pensar que somos como dos gatos teniendo una relaci\u00f3n, si es que eso es posible, y haciendo lo que mejor saben hacer: estar solos.<\/p>\n<p>Los so\u00f1adores somos imposibles; ya me lo hab\u00edan dicho. Saltamos de sue\u00f1o en sue\u00f1o buscando ilusiones. Fragmentos de una curiosidad intangible que pueda crear m\u00e1s momentos que nos den vida.<\/p>\n<p>Por eso voy buscando mundos, canciones, poemas. Como los ni\u00f1os de ese cuento: dejo rastros que me conduzcan a revivir esas experiencias que m\u00e1s significativas han sido para m\u00ed.<\/p>\n<p>Y a veces me toca conseguir vidas vac\u00edas. Intentos mal logrados de metas que alguna vez fueron sinceras pero que al d\u00eda de hoy han quedado como autos mal varados a la orilla del camino.<\/p>\n<p>Y en ocasiones me subo a algunos y finjo que soy el gaster\u00f3podo que sigue una fe ciega hasta el fin del mundo.<\/p>\n<p>Muy pocas cosas me hacen re\u00edr en esta vida. Cosas que no puedo hacer yo, por ejemplo.<\/p>\n<p>07\/07\/2013<\/p>\n","protected":false},"excerpt":{"rendered":"<p>Pocas cosas en la vida me hacen re\u00edr. Desde hace mucho decid\u00ed esconder mi alegr\u00eda bajo una cortina sin expresi\u00f3n. As\u00ed se labr\u00f3 la tierra, y ahora que trato de que el r\u00edo de la dicha fluya por mi rostro, no hay caminos ni veredas que conduzcan lo que siento por un sendero de felicidad. [&hellip;]<\/p>\n","protected":false},"author":1,"featured_media":0,"comment_status":"open","ping_status":"open","sticky":false,"template":"","format":"standard","meta":{"footnotes":""},"categories":[6],"tags":[],"class_list":["post-670","post","type-post","status-publish","format-standard","hentry","category-blog"],"_links":{"self":[{"href":"https:\/\/karbonarts.com\/wordpress\/wp-json\/wp\/v2\/posts\/670","targetHints":{"allow":["GET"]}}],"collection":[{"href":"https:\/\/karbonarts.com\/wordpress\/wp-json\/wp\/v2\/posts"}],"about":[{"href":"https:\/\/karbonarts.com\/wordpress\/wp-json\/wp\/v2\/types\/post"}],"author":[{"embeddable":true,"href":"https:\/\/karbonarts.com\/wordpress\/wp-json\/wp\/v2\/users\/1"}],"replies":[{"embeddable":true,"href":"https:\/\/karbonarts.com\/wordpress\/wp-json\/wp\/v2\/comments?post=670"}],"version-history":[{"count":4,"href":"https:\/\/karbonarts.com\/wordpress\/wp-json\/wp\/v2\/posts\/670\/revisions"}],"predecessor-version":[{"id":675,"href":"https:\/\/karbonarts.com\/wordpress\/wp-json\/wp\/v2\/posts\/670\/revisions\/675"}],"wp:attachment":[{"href":"https:\/\/karbonarts.com\/wordpress\/wp-json\/wp\/v2\/media?parent=670"}],"wp:term":[{"taxonomy":"category","embeddable":true,"href":"https:\/\/karbonarts.com\/wordpress\/wp-json\/wp\/v2\/categories?post=670"},{"taxonomy":"post_tag","embeddable":true,"href":"https:\/\/karbonarts.com\/wordpress\/wp-json\/wp\/v2\/tags?post=670"}],"curies":[{"name":"wp","href":"https:\/\/api.w.org\/{rel}","templated":true}]}}